{"id":1001792,"date":"2025-05-12T11:25:52","date_gmt":"2025-05-12T02:25:52","guid":{"rendered":"https:\/\/fujiarte.com\/?p=1001792"},"modified":"2026-02-13T13:55:04","modified_gmt":"2026-02-13T04:55:04","slug":"entrevista-com-thais-sakay-vida-trabalho-e-criacao-de-conteudo-no-japao","status":"publish","type":"post","link":"https:\/\/fujiarte.com\/en\/entrevista-com-thais-sakay-vida-trabalho-e-criacao-de-conteudo-no-japao\/","title":{"rendered":"Entrevista com Tha\u00eds Sakay: Vida, Trabalho e Cria\u00e7\u00e3o de Conte\u00fado no Jap\u00e3o"},"content":{"rendered":"\n<p>Tha\u00eds Sakai, uma brasileira que construiu sua vida no Jap\u00e3o fala um pouco sobre sua rotina e como encontrou na cria\u00e7\u00e3o de conte\u00fado uma forma de compartilhar sua rotina e descobertas. Morando em Nagano desde 2021 e trabalhando na ind\u00fastria de componentes eletr\u00f4nicos por meio da Fujiarte, Tha\u00eds equilibra o dia a dia na f\u00e1brica com sua paix\u00e3o por mostrar o cotidiano da comunidade brasileira e as belezas da regi\u00e3o.<\/p>\n\n\n\n<p>Veja como foi a conversa que mistura rotina, trabalho, cria\u00e7\u00e3o de conte\u00fado e a experi\u00eancia de viver em uma das regi\u00f5es mais frias e belas do Jap\u00e3o.<\/p>\n\n\n\n<figure class=\"wp-block-image size-full\"><img decoding=\"async\" width=\"1200\" height=\"630\" src=\"https:\/\/fujiarte.com\/wp-content\/uploads\/2025\/03\/2-3-1.jpg\" alt=\"\" class=\"wp-image-1001829\" srcset=\"https:\/\/fujiarte.com\/wp-content\/uploads\/2025\/03\/2-3-1.jpg 1200w, https:\/\/fujiarte.com\/wp-content\/uploads\/2025\/03\/2-3-1-300x158.jpg 300w, https:\/\/fujiarte.com\/wp-content\/uploads\/2025\/03\/2-3-1-768x403.jpg 768w, https:\/\/fujiarte.com\/wp-content\/uploads\/2025\/03\/2-3-1-600x315.jpg 600w\" sizes=\"(max-width: 1200px) 100vw, 1200px\" \/><figcaption class=\"wp-element-caption\">A entrevistada Tha\u00eds Sakay<\/figcaption><\/figure>\n\n\n\n<p><strong>Poderia come\u00e7ar se apresentando?<\/strong><\/p>\n\n\n\n<p><strong>Tha\u00eds:<\/strong> Meu nome \u00e9 Tha\u00eds Sakai, tenho 38 anos e moro na regi\u00e3o de Nagano desde 2021. Trabalho em f\u00e1brica, como muitos brasileiros aqui da regi\u00e3o.<\/p>\n\n\n\n<p><strong>Voc\u00ea trabalha na f\u00e1brica atrav\u00e9s da Fujiarte, certo? E qual \u00e9 a sua fun\u00e7\u00e3o?<\/strong><\/p>\n\n\n\n<p><strong>Tha\u00eds:<\/strong> Sim, trabalho em uma f\u00e1brica que produz componentes eletr\u00f4nicos. Minha fun\u00e7\u00e3o envolve operar m\u00e1quinas e realizar o kensa (inspe\u00e7\u00e3o de qualidade).<\/p>\n\n\n\n<p><strong>Como \u00e9 a sua rotina de trabalho?<\/strong><\/p>\n\n\n\n<p><strong>Tha\u00eds:<\/strong> Minha rotina segue o esquema 4&#215;2, ou seja, trabalho quatro dias e folgo dois, com turnos alternados entre diurno e noturno. Desde que cheguei ao Jap\u00e3o, sempre trabalhei nesse ritmo, ent\u00e3o j\u00e1 estou bem adaptada. Sei que para muitos brasileiros essa rotina pode ser cansativa, mas com o tempo a gente acostuma.<\/p>\n\n\n\n<p><strong>Voc\u00ea veio para o Jap\u00e3o em 2021 e j\u00e1 come\u00e7ou na Fujiarte?<\/strong><\/p>\n\n\n\n<p><strong>Tha\u00eds:<\/strong> Na verdade, cheguei ao Jap\u00e3o no in\u00edcio de 2017 e morei em outra regi\u00e3o antes de vir para Nagano. J\u00e1 trabalhava pela Fujiarte em um servi\u00e7o semelhante, com o mesmo tipo de turno.<\/p>\n\n\n\n<p><strong>Sua fam\u00edlia est\u00e1 com voc\u00ea no Jap\u00e3o?<\/strong><\/p>\n\n\n\n<p><strong>Tha\u00eds:<\/strong> Sim, meu marido est\u00e1 aqui comigo. Trabalhamos na mesma f\u00e1brica e no mesmo hor\u00e1rio desde que chegamos.<\/p>\n\n\n\n<p><strong>Al\u00e9m do trabalho na f\u00e1brica, voc\u00ea tamb\u00e9m cria conte\u00fados sobre a sua regi\u00e3o. Como isso come\u00e7ou e quando virou uma parceria com a Fujiarte?<\/strong><\/p>\n\n\n\n<p><strong>Tha\u00eds:<\/strong> Sempre gostei de acompanhar criadores de conte\u00fado, principalmente no YouTube. Quando vim para o Jap\u00e3o, assistia muitos v\u00eddeos sobre o dia a dia por aqui. No come\u00e7o, n\u00e3o imaginava que eu mesma criaria conte\u00fados, mas fui despertando essa vontade de compartilhar o meu ponto de vista sobre a vida no Jap\u00e3o\u2014desde uma simples ida ao mercado at\u00e9 curiosidades sobre produtos locais.<\/p>\n\n\n\n<p>Comecei a postar v\u00eddeos espontaneamente, mostrando a minha rotina e a regi\u00e3o onde eu morava. Foi algo natural. Um dia, o pessoal do escrit\u00f3rio da Fujiarte entrou em contato perguntando se havia algu\u00e9m que j\u00e1 produzia conte\u00fado. Assim, conheci o Tamura, que \u00e9 o respos\u00e1vel da matriz, e comecei a compartilhar v\u00eddeos sobre Nagano. Eles gostaram e passaram a repostar no Instagram da Fujiarte. Desde ent\u00e3o, essa parceria foi crescendo.<\/p>\n\n\n\n<p>Tamb\u00e9m tive a oportunidade de participar de uma live com o Johnny Sasaki, o que foi uma experi\u00eancia incr\u00edvel!<\/p>\n\n\n\n<p><strong>Foi algo muito org\u00e2nico, ent\u00e3o? Voc\u00ea j\u00e1 criava os conte\u00fados antes mesmo da parceria acontecer?<\/strong><\/p>\n\n\n\n<p><strong>Tha\u00eds:<\/strong> Exatamente! Eu j\u00e1 produzia os v\u00eddeos porque gostava, sem pensar em transformar isso em algo maior. Quando a Fujiarte entrou em contato, foi apenas um reflexo do que eu j\u00e1 fazia naturalmente.<\/p>\n\n\n\n<p><strong>Voc\u00ea gosta dessa troca com as pessoas atrav\u00e9s dos seus conte\u00fados?<\/strong><\/p>\n\n\n\n<p><strong>Tha\u00eds:<\/strong> Sim, mas no come\u00e7o foi um desafio, porque sou uma pessoa t\u00edmida. No entanto, gravar sozinha, s\u00f3 com o celular na m\u00e3o, me deixou mais confort\u00e1vel. Isso me ajudou a melhorar minha comunica\u00e7\u00e3o e me soltar mais. Sei que na internet h\u00e1 espa\u00e7o para todo tipo de criador de conte\u00fado, desde os mais extrovertidos at\u00e9 os mais reservados, e acho que muitas pessoas acabam se identificando comigo por isso.<\/p>\n\n\n\n<p><strong>Voc\u00ea veio para o Jap\u00e3o direto pela Fujiarte?<\/strong><\/p>\n\n\n\n<p><strong>Tha\u00eds:<\/strong> N\u00e3o. Inicialmente, vim por indica\u00e7\u00e3o de um primo e entrei em um servi\u00e7o que n\u00e3o era por empreiteira. Tr\u00eas meses depois, conheci a Fujiarte e consegui um emprego com eles.<\/p>\n\n\n\n<p><strong>Voc\u00ea j\u00e1 tinha algum conhecimento de japon\u00eas antes de vir?<\/strong><\/p>\n\n\n\n<p><strong>Tha\u00eds:<\/strong> Tinha um pouco de familiaridade por causa do meu av\u00f4, que era japon\u00eas. Quando crian\u00e7a, meus pais vieram para o Jap\u00e3o trabalhar, em 1996, e nessa \u00e9poca estudei em escola japonesa. Ent\u00e3o, de certa forma, o idioma e os costumes j\u00e1 eram um pouco presentes na minha vida.<\/p>\n\n\n\n<figure class=\"wp-block-image size-full\"><img decoding=\"async\" width=\"1200\" height=\"630\" src=\"https:\/\/fujiarte.com\/wp-content\/uploads\/2025\/03\/4.jpg\" alt=\"\" class=\"wp-image-1001832\" srcset=\"https:\/\/fujiarte.com\/wp-content\/uploads\/2025\/03\/4.jpg 1200w, https:\/\/fujiarte.com\/wp-content\/uploads\/2025\/03\/4-300x158.jpg 300w, https:\/\/fujiarte.com\/wp-content\/uploads\/2025\/03\/4-768x403.jpg 768w, https:\/\/fujiarte.com\/wp-content\/uploads\/2025\/03\/4-600x315.jpg 600w\" sizes=\"(max-width: 1200px) 100vw, 1200px\" \/><figcaption class=\"wp-element-caption\">Tha\u00eds quando crian\u00e7a na escola japonesa e atualmente pela Fujiarte<\/figcaption><\/figure>\n\n\n\n<p><strong>Hoje, seu conte\u00fado est\u00e1 mais focado em Nagano ou voc\u00ea ainda aborda temas gerais sobre o Jap\u00e3o?<\/strong><\/p>\n\n\n\n<p><strong>Tha\u00eds:<\/strong> Atualmente, meus conte\u00fados est\u00e3o mais voltados para Nagano. Antes, eu fazia temas mais diversos, mas, ultimamente, tenho priorizado mostrar a regi\u00e3o onde moro, at\u00e9 por ser mais vi\u00e1vel nas minhas folgas.<\/p>\n\n\n\n<p><strong>Se algu\u00e9m vier para Nagano, quais s\u00e3o os lugares imperd\u00edveis?<\/strong><\/p>\n\n\n\n<p><strong>Tha\u00eds:<\/strong> Um dos lugares que eu sempre quis conhecer e finalmente visitei foi o Snow Monkey Park. Desde crian\u00e7a, eu via fotos dos macacos nas \u00e1guas termais nos livros da escola e nunca imaginei que um dia estaria l\u00e1 vendo isso de perto. \u00c9 um passeio incr\u00edvel! Os macacos ficam relaxando na \u00e1gua quentinha, tem filhotinhos\u2026 \u00e9 uma experi\u00eancia \u00fanica.<\/p>\n\n\n\n<p><strong>Como voc\u00ea equilibra o trabalho na f\u00e1brica, a produ\u00e7\u00e3o de conte\u00fado e a vida pessoal?<\/strong><\/p>\n\n\n\n<p><strong>Tha\u00eds:<\/strong> Trabalhando no esquema 4&#215;2, fica dif\u00edcil dar conta de tudo sozinha. Felizmente, meu marido me ajuda bastante com as tarefas de casa, porque se fosse tudo para uma \u00fanica pessoa, seria imposs\u00edvel.<\/p>\n\n\n\n<p>Nas minhas folgas, tento encaixar a produ\u00e7\u00e3o de conte\u00fado. Os dias mais produtivos s\u00e3o os das semanas em que trabalho de dia, pois consigo descansar melhor e aproveitar melhor o tempo livre para sair, visitar lugares e gravar.<\/p>\n\n\n\n<p><strong>A produ\u00e7\u00e3o de conte\u00fado acaba sendo uma consequ\u00eancia da sua vida cotidiana?<\/strong><\/p>\n\n\n\n<p><strong>Tha\u00eds:<\/strong> Exato. Muitas vezes, um simples passeio j\u00e1 vira um conte\u00fado. Se vejo uma rua bonita, j\u00e1 penso em fotografar ou gravar algo. Tento sempre enxergar possibilidades de conte\u00fado em tudo ao meu redor.<\/p>\n\n\n\n<figure class=\"wp-block-image size-full\"><img decoding=\"async\" width=\"1200\" height=\"630\" src=\"https:\/\/fujiarte.com\/wp-content\/uploads\/2025\/03\/3-2.jpg\" alt=\"\" class=\"wp-image-1001835\" srcset=\"https:\/\/fujiarte.com\/wp-content\/uploads\/2025\/03\/3-2.jpg 1200w, https:\/\/fujiarte.com\/wp-content\/uploads\/2025\/03\/3-2-300x158.jpg 300w, https:\/\/fujiarte.com\/wp-content\/uploads\/2025\/03\/3-2-768x403.jpg 768w, https:\/\/fujiarte.com\/wp-content\/uploads\/2025\/03\/3-2-600x315.jpg 600w\" sizes=\"(max-width: 1200px) 100vw, 1200px\" \/><figcaption class=\"wp-element-caption\">Tha\u00eds compartilha sua rotina na regi\u00e3o de Nagano em suas redes sociais<\/figcaption><\/figure>\n\n\n\n<p><strong>Como \u00e9 viver em Nagano?<\/strong><\/p>\n\n\n\n<p><strong>Tha\u00eds:<\/strong> Muita gente tem a impress\u00e3o de que Nagano \u00e9 s\u00f3 frio e montanhas, mas \u00e9 uma regi\u00e3o muito boa para se viver. A comunidade brasileira aqui \u00e9 menor, e isso cria um certo receio em algumas pessoas que pensam em morar aqui. Mas tirando o frio, \u00e9 uma cidade que tem tudo o que precisamos e v\u00e1rios lugares incr\u00edveis para visitar.<\/p>\n\n\n\n<p><strong>Quando n\u00e3o est\u00e3o produzindo conte\u00fado, o que voc\u00eas costumam fazer no tempo livre?<\/strong><\/p>\n\n\n\n<p><strong>Tha\u00eds:<\/strong> Eu gosto muito de consumir conte\u00fado de moda. J\u00e1 fiz alguns cursos no Brasil e, de vez em quando, compartilho algo sobre looks no meu Instagram. Mas, no dia a dia, \u00e9 algo mais pessoal, um hobby mesmo.<\/p>\n\n\n\n<p><strong>Voc\u00eas pretendem continuar no Jap\u00e3o por muito tempo?<\/strong><\/p>\n\n\n\n<p><strong>Tha\u00eds:<\/strong> Sim, queremos aproveitar ao m\u00e1ximo essa oportunidade. Sabemos que nem todos conseguem vir para c\u00e1, ent\u00e3o valorizamos muito o que temos. Claro, trabalhar em f\u00e1brica pode ser cansativo, mas enquanto estivermos com sa\u00fade e disposi\u00e7\u00e3o, queremos continuar vivendo essa experi\u00eancia.<\/p>\n\n\n\n<p>Essa foi a entrevista com Tha\u00eds Sakai, uma brasileira que encontrou no Jap\u00e3o uma oportunidade de trabalho, um novo hobby e uma forma de se conectar com outras pessoas atrav\u00e9s da cria\u00e7\u00e3o de conte\u00fado.<\/p>\n\n\n\n<figure class=\"wp-block-image size-full\"><img decoding=\"async\" width=\"1200\" height=\"630\" src=\"https:\/\/fujiarte.com\/wp-content\/uploads\/2025\/03\/5.jpg\" alt=\"\" class=\"wp-image-1001838\" srcset=\"https:\/\/fujiarte.com\/wp-content\/uploads\/2025\/03\/5.jpg 1200w, https:\/\/fujiarte.com\/wp-content\/uploads\/2025\/03\/5-300x158.jpg 300w, https:\/\/fujiarte.com\/wp-content\/uploads\/2025\/03\/5-768x403.jpg 768w, https:\/\/fujiarte.com\/wp-content\/uploads\/2025\/03\/5-600x315.jpg 600w\" sizes=\"(max-width: 1200px) 100vw, 1200px\" \/><figcaption class=\"wp-element-caption\">#image_title<\/figcaption><\/figure>\n","protected":false},"excerpt":{"rendered":"<p>Tha\u00eds Sakai, uma brasileira que construiu sua vida no Jap\u00e3o fala um pouco sobre sua rotina e como encontrou na cria\u00e7\u00e3o de conte\u00fado uma forma de compartilhar sua rotina e descobertas. Morando em Nagano desde 2021 e trabalhando na ind\u00fastria de componentes eletr\u00f4nicos por meio da Fujiarte, Tha\u00eds equilibra o dia a dia na f\u00e1brica com sua paix\u00e3o por mostrar o cotidiano da comunidade brasileira e as belezas da regi\u00e3o. Veja como foi a conversa que mistura rotina, trabalho, cria\u00e7\u00e3o de conte\u00fado e a experi\u00eancia de viver em uma das regi\u00f5es mais frias e belas do Jap\u00e3o. Poderia come\u00e7ar se apresentando? Tha\u00eds: Meu nome \u00e9 Tha\u00eds Sakai, tenho 38 anos e moro na regi\u00e3o de Nagano desde 2021. Trabalho em f\u00e1brica, como muitos brasileiros aqui da regi\u00e3o. Voc\u00ea trabalha na f\u00e1brica atrav\u00e9s da Fujiarte, certo? E qual \u00e9 a sua fun\u00e7\u00e3o? Tha\u00eds: Sim, trabalho em uma f\u00e1brica que produz componentes eletr\u00f4nicos. Minha fun\u00e7\u00e3o envolve operar m\u00e1quinas e realizar o kensa (inspe\u00e7\u00e3o de qualidade). Como \u00e9 a sua rotina de trabalho? Tha\u00eds: Minha rotina segue o esquema 4&#215;2, ou seja, trabalho quatro dias e folgo dois, com turnos alternados entre diurno e noturno. Desde que cheguei ao Jap\u00e3o, sempre trabalhei nesse ritmo, ent\u00e3o j\u00e1 estou bem adaptada. Sei que para muitos brasileiros essa rotina pode ser cansativa, mas com o tempo a gente acostuma. Voc\u00ea veio para o Jap\u00e3o em 2021 e j\u00e1 come\u00e7ou na Fujiarte? Tha\u00eds: Na verdade, cheguei ao Jap\u00e3o no in\u00edcio de 2017 e morei em outra regi\u00e3o antes de vir para Nagano. J\u00e1 trabalhava pela Fujiarte em um servi\u00e7o semelhante, com o mesmo tipo de turno. Sua fam\u00edlia est\u00e1 com voc\u00ea no Jap\u00e3o? Tha\u00eds: Sim, meu marido est\u00e1 aqui comigo. Trabalhamos na mesma f\u00e1brica e no mesmo hor\u00e1rio desde que chegamos. Al\u00e9m do trabalho na f\u00e1brica, voc\u00ea tamb\u00e9m cria conte\u00fados sobre a sua regi\u00e3o. Como isso come\u00e7ou e quando virou uma parceria com a Fujiarte? Tha\u00eds: Sempre gostei de acompanhar criadores de conte\u00fado, principalmente no YouTube. Quando vim para o Jap\u00e3o, assistia muitos v\u00eddeos sobre o dia a dia por aqui. No come\u00e7o, n\u00e3o imaginava que eu mesma criaria conte\u00fados, mas fui despertando essa vontade de compartilhar o meu ponto de vista sobre a vida no Jap\u00e3o\u2014desde uma simples ida ao mercado at\u00e9 curiosidades sobre produtos locais. Comecei a postar v\u00eddeos espontaneamente, mostrando a minha rotina e a regi\u00e3o onde eu morava. Foi algo natural. Um dia, o pessoal do escrit\u00f3rio da Fujiarte entrou em contato perguntando se havia algu\u00e9m que j\u00e1 produzia conte\u00fado. Assim, conheci o Tamura, que \u00e9 o respos\u00e1vel da matriz, e comecei a compartilhar v\u00eddeos sobre Nagano. Eles gostaram e passaram a repostar no Instagram da Fujiarte. Desde ent\u00e3o, essa parceria foi crescendo. Tamb\u00e9m tive a oportunidade de participar de uma live com o Johnny Sasaki, o que foi uma experi\u00eancia incr\u00edvel! Foi algo muito org\u00e2nico, ent\u00e3o? Voc\u00ea j\u00e1 criava os conte\u00fados antes mesmo da parceria acontecer? Tha\u00eds: Exatamente! Eu j\u00e1 produzia os v\u00eddeos porque gostava, sem pensar em transformar isso em algo maior. Quando a Fujiarte entrou em contato, foi apenas um reflexo do que eu j\u00e1 fazia naturalmente. Voc\u00ea gosta dessa troca com as pessoas atrav\u00e9s dos seus conte\u00fados? Tha\u00eds: Sim, mas no come\u00e7o foi um desafio, porque sou uma pessoa t\u00edmida. No entanto, gravar sozinha, s\u00f3 com o celular na m\u00e3o, me deixou mais confort\u00e1vel. Isso me ajudou a melhorar minha comunica\u00e7\u00e3o e me soltar mais. Sei que na internet h\u00e1 espa\u00e7o para todo tipo de criador de conte\u00fado, desde os mais extrovertidos at\u00e9 os mais reservados, e acho que muitas pessoas acabam se identificando comigo por isso. Voc\u00ea veio para o Jap\u00e3o direto pela Fujiarte? Tha\u00eds: N\u00e3o. Inicialmente, vim por indica\u00e7\u00e3o de um primo e entrei em um servi\u00e7o que n\u00e3o era por empreiteira. Tr\u00eas meses depois, conheci a Fujiarte e consegui um emprego com eles. Voc\u00ea j\u00e1 tinha algum conhecimento de japon\u00eas antes de vir? Tha\u00eds: Tinha um pouco de familiaridade por causa do meu av\u00f4, que era japon\u00eas. Quando crian\u00e7a, meus pais vieram para o Jap\u00e3o trabalhar, em 1996, e nessa \u00e9poca estudei em escola japonesa. Ent\u00e3o, de certa forma, o idioma e os costumes j\u00e1 eram um pouco presentes na minha vida. Hoje, seu conte\u00fado est\u00e1 mais focado em Nagano ou voc\u00ea ainda aborda temas gerais sobre o Jap\u00e3o? Tha\u00eds: Atualmente, meus conte\u00fados est\u00e3o mais voltados para Nagano. Antes, eu fazia temas mais diversos, mas, ultimamente, tenho priorizado mostrar a regi\u00e3o onde moro, at\u00e9 por ser mais vi\u00e1vel nas minhas folgas. Se algu\u00e9m vier para Nagano, quais s\u00e3o os lugares imperd\u00edveis? Tha\u00eds: Um dos lugares que eu sempre quis conhecer e finalmente visitei foi o Snow Monkey Park. Desde crian\u00e7a, eu via fotos dos macacos nas \u00e1guas termais nos livros da escola e nunca imaginei que um dia estaria l\u00e1 vendo isso de perto. \u00c9 um passeio incr\u00edvel! Os macacos ficam relaxando na \u00e1gua quentinha, tem filhotinhos\u2026 \u00e9 uma experi\u00eancia \u00fanica. Como voc\u00ea equilibra o trabalho na f\u00e1brica, a produ\u00e7\u00e3o de conte\u00fado e a vida pessoal? Tha\u00eds: Trabalhando no esquema 4&#215;2, fica dif\u00edcil dar conta de tudo sozinha. Felizmente, meu marido me ajuda bastante com as tarefas de casa, porque se fosse tudo para uma \u00fanica pessoa, seria imposs\u00edvel. Nas minhas folgas, tento encaixar a produ\u00e7\u00e3o de conte\u00fado. Os dias mais produtivos s\u00e3o os das semanas em que trabalho de dia, pois consigo descansar melhor e aproveitar melhor o tempo livre para sair, visitar lugares e gravar. A produ\u00e7\u00e3o de conte\u00fado acaba sendo uma consequ\u00eancia da sua vida cotidiana? Tha\u00eds: Exato. Muitas vezes, um simples passeio j\u00e1 vira um conte\u00fado. Se vejo uma rua bonita, j\u00e1 penso em fotografar ou gravar algo. Tento sempre enxergar possibilidades de conte\u00fado em tudo ao meu redor. Como \u00e9 viver em Nagano? Tha\u00eds: Muita gente tem a impress\u00e3o de que Nagano \u00e9 s\u00f3 frio e montanhas, mas \u00e9 uma regi\u00e3o muito boa para se viver. A comunidade brasileira aqui \u00e9 menor, e isso cria um certo receio em algumas pessoas que pensam em morar aqui. Mas tirando o frio,<\/p>\n","protected":false},"author":406249,"featured_media":1001793,"comment_status":"closed","ping_status":"closed","sticky":false,"template":"","format":"standard","meta":{"_acf_changed":false,"footnotes":""},"categories":[1860],"tags":[],"nome":[],"class_list":["post-1001792","post","type-post","status-publish","format-standard","has-post-thumbnail","hentry","category-entrevistas-2"],"acf":[],"_links":{"self":[{"href":"https:\/\/fujiarte.com\/en\/wp-json\/wp\/v2\/posts\/1001792","targetHints":{"allow":["GET"]}}],"collection":[{"href":"https:\/\/fujiarte.com\/en\/wp-json\/wp\/v2\/posts"}],"about":[{"href":"https:\/\/fujiarte.com\/en\/wp-json\/wp\/v2\/types\/post"}],"author":[{"embeddable":true,"href":"https:\/\/fujiarte.com\/en\/wp-json\/wp\/v2\/users\/406249"}],"replies":[{"embeddable":true,"href":"https:\/\/fujiarte.com\/en\/wp-json\/wp\/v2\/comments?post=1001792"}],"version-history":[{"count":0,"href":"https:\/\/fujiarte.com\/en\/wp-json\/wp\/v2\/posts\/1001792\/revisions"}],"wp:featuredmedia":[{"embeddable":true,"href":"https:\/\/fujiarte.com\/en\/wp-json\/wp\/v2\/media\/1001793"}],"wp:attachment":[{"href":"https:\/\/fujiarte.com\/en\/wp-json\/wp\/v2\/media?parent=1001792"}],"wp:term":[{"taxonomy":"category","embeddable":true,"href":"https:\/\/fujiarte.com\/en\/wp-json\/wp\/v2\/categories?post=1001792"},{"taxonomy":"post_tag","embeddable":true,"href":"https:\/\/fujiarte.com\/en\/wp-json\/wp\/v2\/tags?post=1001792"},{"taxonomy":"nome","embeddable":true,"href":"https:\/\/fujiarte.com\/en\/wp-json\/wp\/v2\/nome?post=1001792"}],"curies":[{"name":"wp","href":"https:\/\/api.w.org\/{rel}","templated":true}]}}