{"id":1001877,"date":"2025-03-26T15:54:21","date_gmt":"2025-03-26T06:54:21","guid":{"rendered":"https:\/\/fujiarte.com\/?p=1001877"},"modified":"2026-02-13T13:55:05","modified_gmt":"2026-02-13T04:55:05","slug":"fujiarte-mantem-certificado-de-empresa-saudavel-no-japao-em-2025","status":"publish","type":"post","link":"https:\/\/fujiarte.com\/en\/fujiarte-mantem-certificado-de-empresa-saudavel-no-japao-em-2025\/","title":{"rendered":"Compromisso com o bem-estar: Fujiarte mant\u00e9m certificado de empresa saud\u00e1vel no Jap\u00e3o em 2025"},"content":{"rendered":"\n<p>A Fujiarte foi certificada como <strong>\u201cEmpresa de Gest\u00e3o Saud\u00e1vel 2025\u201d<\/strong>, na categoria de grandes corpora\u00e7\u00f5es, pelo segundo ano consecutivo. A certifica\u00e7\u00e3o integra o programa promovido pelo <strong>Minist\u00e9rio da Economia, Com\u00e9rcio e Ind\u00fastria do Jap\u00e3o (METI)<\/strong> e pela <strong>Nippon Kenko Kaigi<\/strong> (Confer\u00eancia de Sa\u00fade do Jap\u00e3o), que reconhece empresas com pr\u00e1ticas exemplares voltadas \u00e0 promo\u00e7\u00e3o da sa\u00fade no ambiente corporativo.<\/p>\n\n\n\n<p>A empresa considera que a <strong>sa\u00fade dos colaboradores e de suas fam\u00edlias \u00e9 um dos pilares fundamentais da gest\u00e3o organizacional<\/strong>. Com base na filosofia de \u201cbuscar a felicidade f\u00edsica e emocional de todos os colaboradores e contribuir para o bem-estar das pessoas e da sociedade em todo o mundo\u201d, a Fujiarte vem implementando, de forma cont\u00ednua, iniciativas voltadas \u00e0 <strong>preven\u00e7\u00e3o de doen\u00e7as e \u00e0 promo\u00e7\u00e3o da sa\u00fade<\/strong>, por meio do programa de Gest\u00e3o Saud\u00e1vel (<em>Kenko Keiei<\/em>).<\/p>\n\n\n\n<figure class=\"wp-block-image size-full\"><img decoding=\"async\" width=\"1200\" height=\"630\" src=\"https:\/\/fujiarte.com\/wp-content\/uploads\/2025\/03\/kenko-artigo.jpg\" alt=\"\" class=\"wp-image-1001896\" srcset=\"https:\/\/fujiarte.com\/wp-content\/uploads\/2025\/03\/kenko-artigo.jpg 1200w, https:\/\/fujiarte.com\/wp-content\/uploads\/2025\/03\/kenko-artigo-300x158.jpg 300w, https:\/\/fujiarte.com\/wp-content\/uploads\/2025\/03\/kenko-artigo-768x403.jpg 768w, https:\/\/fujiarte.com\/wp-content\/uploads\/2025\/03\/kenko-artigo-600x315.jpg 600w\" sizes=\"(max-width: 1200px) 100vw, 1200px\" \/><figcaption class=\"wp-element-caption\">A Fujiarte recebeu, pelo segundo ano consecutivo, o certificado de \u201cEmpresa de Gest\u00e3o Saud\u00e1vel 2025<\/figcaption><\/figure>\n\n\n\n<p>Entre as a\u00e7\u00f5es desenvolvidas, destacam-se campanhas internas de bem-estar, exames m\u00e9dicos regulares, acompanhamento de sa\u00fade ocupacional, apoio psicol\u00f3gico e incentivo \u00e0 qualidade de vida no ambiente de trabalho.<\/p>\n\n\n\n<p>A Fujiarte reafirma seu compromisso em fortalecer essas iniciativas, promovendo um ambiente de trabalho <strong>mais saud\u00e1vel e sustent\u00e1vel<\/strong> para todos os seus colaboradores e suas fam\u00edlias.<\/p>\n\n\n\n<p>Para mais informa\u00e7\u00f5es, acesse a publica\u00e7\u00e3o oficial no site da Fujiarte:<br>\ud83d\udd17 <a class=\"\" href=\"https:\/\/fujiarte.co.jp\/topics\/post-6120\">https:\/\/fujiarte.co.jp\/topics\/post-6120<\/a><\/p>\n\n\n\n<figure class=\"wp-block-image size-full\"><img decoding=\"async\" width=\"1200\" height=\"630\" src=\"https:\/\/fujiarte.com\/wp-content\/uploads\/2025\/03\/kenko1.jpg\" alt=\"\" class=\"wp-image-1001892\" srcset=\"https:\/\/fujiarte.com\/wp-content\/uploads\/2025\/03\/kenko1.jpg 1200w, https:\/\/fujiarte.com\/wp-content\/uploads\/2025\/03\/kenko1-300x158.jpg 300w, https:\/\/fujiarte.com\/wp-content\/uploads\/2025\/03\/kenko1-768x403.jpg 768w, https:\/\/fujiarte.com\/wp-content\/uploads\/2025\/03\/kenko1-600x315.jpg 600w\" sizes=\"(max-width: 1200px) 100vw, 1200px\" \/><figcaption class=\"wp-element-caption\">#image_title<\/figcaption><\/figure>\n","protected":false},"excerpt":{"rendered":"<p>A empresa foi novamente reconhecida pelo governo japon\u00eas como uma empresa que promove a sa\u00fade e o bem-estar de seus colaboradores e suas fam\u00edlias.<\/p>\n","protected":false},"author":406249,"featured_media":1001902,"comment_status":"closed","ping_status":"closed","sticky":false,"template":"","format":"standard","meta":{"_acf_changed":false,"footnotes":""},"categories":[1576],"tags":[],"nome":[],"class_list":["post-1001877","post","type-post","status-publish","format-standard","has-post-thumbnail","hentry","category-uncategorized"],"acf":[],"_links":{"self":[{"href":"https:\/\/fujiarte.com\/en\/wp-json\/wp\/v2\/posts\/1001877","targetHints":{"allow":["GET"]}}],"collection":[{"href":"https:\/\/fujiarte.com\/en\/wp-json\/wp\/v2\/posts"}],"about":[{"href":"https:\/\/fujiarte.com\/en\/wp-json\/wp\/v2\/types\/post"}],"author":[{"embeddable":true,"href":"https:\/\/fujiarte.com\/en\/wp-json\/wp\/v2\/users\/406249"}],"replies":[{"embeddable":true,"href":"https:\/\/fujiarte.com\/en\/wp-json\/wp\/v2\/comments?post=1001877"}],"version-history":[{"count":0,"href":"https:\/\/fujiarte.com\/en\/wp-json\/wp\/v2\/posts\/1001877\/revisions"}],"wp:featuredmedia":[{"embeddable":true,"href":"https:\/\/fujiarte.com\/en\/wp-json\/wp\/v2\/media\/1001902"}],"wp:attachment":[{"href":"https:\/\/fujiarte.com\/en\/wp-json\/wp\/v2\/media?parent=1001877"}],"wp:term":[{"taxonomy":"category","embeddable":true,"href":"https:\/\/fujiarte.com\/en\/wp-json\/wp\/v2\/categories?post=1001877"},{"taxonomy":"post_tag","embeddable":true,"href":"https:\/\/fujiarte.com\/en\/wp-json\/wp\/v2\/tags?post=1001877"},{"taxonomy":"nome","embeddable":true,"href":"https:\/\/fujiarte.com\/en\/wp-json\/wp\/v2\/nome?post=1001877"}],"curies":[{"name":"wp","href":"https:\/\/api.w.org\/{rel}","templated":true}]}}