{"id":1002617,"date":"2025-04-23T13:02:02","date_gmt":"2025-04-23T04:02:02","guid":{"rendered":"https:\/\/fujiarte.com\/?p=1002617"},"modified":"2026-02-13T13:55:05","modified_gmt":"2026-02-13T04:55:05","slug":"fujiarte-da-boas-vindas-aos-novos-funcionarios-recem-graduados-de-2025","status":"publish","type":"post","link":"https:\/\/fujiarte.com\/en\/fujiarte-da-boas-vindas-aos-novos-funcionarios-recem-graduados-de-2025\/","title":{"rendered":"Fujiarte d\u00e1 boas-vindas aos novos funcion\u00e1rios rec\u00e9m-graduados de 2025"},"content":{"rendered":"\n<p>No dia <strong>1\u00ba de abril de 2024<\/strong>, o <strong>Fuji Group<\/strong> \u2014 grupo empresarial do qual a <strong>Fujiarte<\/strong> faz parte \u2014 realizou sua tradicional <strong>cerim\u00f4nia de boas-vindas<\/strong> para os <strong>novos funcion\u00e1rios rec\u00e9m-graduados<\/strong> do ano fiscal de 2025. Neste ano, <strong>217 novos profissionais<\/strong> das \u00e1reas de <strong>carreira geral e engenharia de produto<\/strong> foram oficialmente integrados \u00e0s empresas do grupo.<\/p>\n\n\n\n<p>A cerim\u00f4nia foi realizada em <strong>formato h\u00edbrido<\/strong>, conectando a <strong>sede principal em Osaka<\/strong> a outras <strong>8 unidades em todo o Jap\u00e3o<\/strong>, totalizando <strong>9 locais<\/strong>. Esse modelo permitiu a participa\u00e7\u00e3o simult\u00e2nea de todos os novos funcion\u00e1rios, tanto de forma presencial quanto online, marcando o in\u00edcio da jornada profissional com um evento institucional.<\/p>\n\n\n\n<figure class=\"wp-block-image size-full\"><img decoding=\"async\" width=\"1200\" height=\"630\" src=\"https:\/\/fujiarte.com\/wp-content\/uploads\/2025\/04\/6.jpg\" alt=\"\" class=\"wp-image-1002618\" srcset=\"https:\/\/fujiarte.com\/wp-content\/uploads\/2025\/04\/6.jpg 1200w, https:\/\/fujiarte.com\/wp-content\/uploads\/2025\/04\/6-300x158.jpg 300w, https:\/\/fujiarte.com\/wp-content\/uploads\/2025\/04\/6-768x403.jpg 768w, https:\/\/fujiarte.com\/wp-content\/uploads\/2025\/04\/6-600x315.jpg 600w\" sizes=\"(max-width: 1200px) 100vw, 1200px\" \/><figcaption class=\"wp-element-caption\">Osaka<\/figcaption><\/figure>\n\n\n\n<p>\ud83d\udccc <strong>Detalhes do evento<\/strong><\/p>\n\n\n\n<ul class=\"wp-block-list\">\n<li><strong>Data:<\/strong> 1\u00ba de abril de 2024 (ter\u00e7a-feira)<\/li>\n\n\n\n<li><strong>Formato:<\/strong> H\u00edbrido (presencial e online)<\/li>\n\n\n\n<li><strong>Locais:<\/strong> 9 unidades em todo o Jap\u00e3o, incluindo Osaka, T\u00f3quio e Aichi<\/li>\n\n\n\n<li><strong>N\u00famero de novos funcion\u00e1rios:<\/strong> 217<\/li>\n\n\n\n<li><strong>\u00c1reas de atua\u00e7\u00e3o:<\/strong> Carreiras administrativas (s\u014dg\u014dshoku) e engenharia de produto (product engineer)<\/li>\n<\/ul>\n\n\n\n<h4 class=\"wp-block-heading\">\ud83d\udccb <strong>Programa\u00e7\u00e3o<\/strong><\/h4>\n\n\n\n<p>Sess\u00e3o de <strong>fotos comemorativas<\/strong><\/p>\n\n\n\n<p>Exibi\u00e7\u00e3o do <strong>v\u00eddeo institucional do grupo (brand movie)<\/strong><\/p>\n\n\n\n<p>Abertura da cerim\u00f4nia<\/p>\n\n\n\n<p><strong>Discurso de boas-vindas<\/strong> do presidente do grupo, <strong>Takashi Hirao<\/strong><\/p>\n\n\n\n<p>Apresenta\u00e7\u00e3o dos <strong>diretores e executivos<\/strong><\/p>\n\n\n\n<p><strong>Entrega oficial das nomea\u00e7\u00f5es (\u8f9e\u4ee4\u4ea4\u4ed8)<\/strong> aos representantes de cada unidade<\/p>\n\n\n\n<p><strong>Declara\u00e7\u00e3o de compromisso<\/strong> dos novos funcion\u00e1rios<\/p>\n\n\n\n<p>Encerramento com mensagem do <strong>diretor executivo Atsushi Teraguchi<\/strong><\/p>\n\n\n\n<figure class=\"wp-block-image size-full is-resized\"><img decoding=\"async\" width=\"1200\" height=\"630\" src=\"https:\/\/fujiarte.com\/wp-content\/uploads\/2025\/04\/7.jpg\" alt=\"\" class=\"wp-image-1002621\" style=\"width:1410px;height:auto\" srcset=\"https:\/\/fujiarte.com\/wp-content\/uploads\/2025\/04\/7.jpg 1200w, https:\/\/fujiarte.com\/wp-content\/uploads\/2025\/04\/7-300x158.jpg 300w, https:\/\/fujiarte.com\/wp-content\/uploads\/2025\/04\/7-768x403.jpg 768w, https:\/\/fujiarte.com\/wp-content\/uploads\/2025\/04\/7-600x315.jpg 600w\" sizes=\"(max-width: 1200px) 100vw, 1200px\" \/><figcaption class=\"wp-element-caption\">Tokyo<\/figcaption><\/figure>\n\n\n\n<p>Durante o evento, os novos integrantes foram apresentados \u00e0 <strong>filosofia e valores do Fuji Group<\/strong>, recebendo mensagens de incentivo por parte da lideran\u00e7a. A entrega das nomea\u00e7\u00f5es (\u8f9e\u4ee4\u4ea4\u4ed8) simbolizou o in\u00edcio formal da trajet\u00f3ria dos rec\u00e9m-graduados dentro das empresas do grupo.<\/p>\n\n\n\n<figure class=\"wp-block-image size-full is-resized\"><img decoding=\"async\" width=\"1200\" height=\"630\" src=\"https:\/\/fujiarte.com\/wp-content\/uploads\/2025\/04\/5.jpg\" alt=\"\" class=\"wp-image-1002630\" style=\"width:1410px;height:auto\" srcset=\"https:\/\/fujiarte.com\/wp-content\/uploads\/2025\/04\/5.jpg 1200w, https:\/\/fujiarte.com\/wp-content\/uploads\/2025\/04\/5-300x158.jpg 300w, https:\/\/fujiarte.com\/wp-content\/uploads\/2025\/04\/5-768x403.jpg 768w, https:\/\/fujiarte.com\/wp-content\/uploads\/2025\/04\/5-600x315.jpg 600w\" sizes=\"(max-width: 1200px) 100vw, 1200px\" \/><\/figure>\n\n\n\n<p><\/p>\n\n\n\n<p>Essa iniciativa refor\u00e7a o compromisso do Fuji Group com o <strong>desenvolvimento humano, a integra\u00e7\u00e3o de talentos e a constru\u00e7\u00e3o de um ambiente de trabalho saud\u00e1vel e colaborativo<\/strong>. Ao valorizar os jovens profissionais desde o primeiro dia, o grupo aposta em um crescimento m\u00fatuo e sustent\u00e1vel.<br><\/p>\n\n\n\n<figure class=\"wp-block-image size-full\"><img decoding=\"async\" width=\"1200\" height=\"630\" src=\"https:\/\/fujiarte.com\/wp-content\/uploads\/2025\/04\/3.jpg\" alt=\"\" class=\"wp-image-1002624\" srcset=\"https:\/\/fujiarte.com\/wp-content\/uploads\/2025\/04\/3.jpg 1200w, https:\/\/fujiarte.com\/wp-content\/uploads\/2025\/04\/3-300x158.jpg 300w, https:\/\/fujiarte.com\/wp-content\/uploads\/2025\/04\/3-768x403.jpg 768w, https:\/\/fujiarte.com\/wp-content\/uploads\/2025\/04\/3-600x315.jpg 600w\" sizes=\"(max-width: 1200px) 100vw, 1200px\" \/><\/figure>\n\n\n\n<p>\ud83d\udcce Confira a mat\u00e9ria original (em japon\u00eas) no site oficial da Fujiarte:<br><a class=\"\" href=\"https:\/\/fujiarte.co.jp\/topics\/post-6200\">https:\/\/fujiarte.co.jp\/topics\/post-6200<\/a><\/p>\n\n\n\n<p><\/p>\n","protected":false},"excerpt":{"rendered":"<p>A cerim\u00f4nia foi realizada simult\u00e2neamente em Osaka, Tokyo e outras 7 unidades no Jap\u00e3o, reunindo  217 estudantes rec\u00e9m-formados em um evento institucional<\/p>\n","protected":false},"author":406249,"featured_media":1002627,"comment_status":"closed","ping_status":"closed","sticky":false,"template":"","format":"standard","meta":{"_acf_changed":false,"footnotes":""},"categories":[1576],"tags":[1913,1916,1639,1915],"nome":[],"class_list":["post-1002617","post","type-post","status-publish","format-standard","has-post-thumbnail","hentry","category-uncategorized","tag-carreira-no-japao","tag-estudantes-no-japao","tag-fujiarte-en","tag-universidade-no-japao"],"acf":[],"_links":{"self":[{"href":"https:\/\/fujiarte.com\/en\/wp-json\/wp\/v2\/posts\/1002617","targetHints":{"allow":["GET"]}}],"collection":[{"href":"https:\/\/fujiarte.com\/en\/wp-json\/wp\/v2\/posts"}],"about":[{"href":"https:\/\/fujiarte.com\/en\/wp-json\/wp\/v2\/types\/post"}],"author":[{"embeddable":true,"href":"https:\/\/fujiarte.com\/en\/wp-json\/wp\/v2\/users\/406249"}],"replies":[{"embeddable":true,"href":"https:\/\/fujiarte.com\/en\/wp-json\/wp\/v2\/comments?post=1002617"}],"version-history":[{"count":0,"href":"https:\/\/fujiarte.com\/en\/wp-json\/wp\/v2\/posts\/1002617\/revisions"}],"wp:featuredmedia":[{"embeddable":true,"href":"https:\/\/fujiarte.com\/en\/wp-json\/wp\/v2\/media\/1002627"}],"wp:attachment":[{"href":"https:\/\/fujiarte.com\/en\/wp-json\/wp\/v2\/media?parent=1002617"}],"wp:term":[{"taxonomy":"category","embeddable":true,"href":"https:\/\/fujiarte.com\/en\/wp-json\/wp\/v2\/categories?post=1002617"},{"taxonomy":"post_tag","embeddable":true,"href":"https:\/\/fujiarte.com\/en\/wp-json\/wp\/v2\/tags?post=1002617"},{"taxonomy":"nome","embeddable":true,"href":"https:\/\/fujiarte.com\/en\/wp-json\/wp\/v2\/nome?post=1002617"}],"curies":[{"name":"wp","href":"https:\/\/api.w.org\/{rel}","templated":true}]}}