{"id":1007438,"date":"2025-10-15T16:48:30","date_gmt":"2025-10-15T07:48:30","guid":{"rendered":"https:\/\/fujiarte.com\/?p=1007438"},"modified":"2026-02-13T13:54:59","modified_gmt":"2026-02-13T04:54:59","slug":"fujiarte-realiza-cerimonia-da-22a-turma-de-recrutamento-de-carreira","status":"publish","type":"post","link":"https:\/\/fujiarte.com\/en\/fujiarte-realiza-cerimonia-da-22a-turma-de-recrutamento-de-carreira\/","title":{"rendered":"Fujiarte realiza Cerim\u00f4nia da 22\u00aa Turma de Recrutamento de Carreira"},"content":{"rendered":"\n<p>No dia <strong>1\u00ba de outubro (quarta-feira)<\/strong>, a <strong>Fujiarte<\/strong> realizou em <strong>Osaka<\/strong> a <strong>cerim\u00f4nia de entrega de certificados de aprova\u00e7\u00e3o<\/strong> para os <strong>16 candidatos aprovados<\/strong> que ingressar\u00e3o na empresa em <strong>abril de 2026<\/strong>.<\/p>\n\n\n\n<p>Durante a cerim\u00f4nia, os aprovados ouviram atentamente o <strong>discurso de congratula\u00e7\u00e3o<\/strong> do presidente <strong>Takashi Hirao<\/strong>, demonstrando certa tens\u00e3o. No entanto, por meio do <strong>almo\u00e7o de confraterniza\u00e7\u00e3o<\/strong> e das <strong>apresenta\u00e7\u00f5es pessoais<\/strong> realizadas no mesmo dia, os futuros colegas puderam se aproximar, criando um clima de descontra\u00e7\u00e3o e companheirismo.<\/p>\n\n\n\n<figure class=\"wp-block-image size-full\"><img decoding=\"async\" width=\"900\" height=\"600\" src=\"https:\/\/fujiarte.com\/wp-content\/uploads\/2025\/10\/3fff6419887188ab56ab00702891ee06.jpg\" alt=\"\" class=\"wp-image-1007442\" srcset=\"https:\/\/fujiarte.com\/wp-content\/uploads\/2025\/10\/3fff6419887188ab56ab00702891ee06.jpg 900w, https:\/\/fujiarte.com\/wp-content\/uploads\/2025\/10\/3fff6419887188ab56ab00702891ee06-300x200.jpg 300w, https:\/\/fujiarte.com\/wp-content\/uploads\/2025\/10\/3fff6419887188ab56ab00702891ee06-768x512.jpg 768w, https:\/\/fujiarte.com\/wp-content\/uploads\/2025\/10\/3fff6419887188ab56ab00702891ee06-600x400.jpg 600w\" sizes=\"(max-width: 900px) 100vw, 900px\" \/><\/figure>\n\n\n\n<p>No per\u00edodo da tarde, foi promovido um <strong>treinamento sobre a Filosofia Corporativa<\/strong>, com o objetivo de aprofundar o entendimento dos participantes sobre a cultura e os valores da empresa. Os aprovados participaram de discuss\u00f5es em grupo, compartilhando percep\u00e7\u00f5es e aprendizados, o que proporcionou um importante momento de <strong>reflex\u00e3o e crescimento coletivo<\/strong>.<\/p>\n\n\n\n<p>Em seguida, <strong>colaboradores veteranos<\/strong> apresentaram suas <strong>reda\u00e7\u00f5es de experi\u00eancia profissional<\/strong>, compartilhando hist\u00f3rias sobre os desafios enfrentados e os aprendizados adquiridos ao longo da trajet\u00f3ria. A atividade despertou o interesse dos novos talentos pelas diversas \u00e1reas da Fujiarte e os ajudou a visualizar o pr\u00f3prio futuro como colaboradores da empresa.<\/p>\n\n\n\n<p>A equipe da Fujiarte <strong>aguarda com expectativa<\/strong> a chegada dos novos integrantes em abril e <strong>reitera o compromisso de apoiar plenamente o crescimento e desenvolvimento de cada um<\/strong> nessa nova fase.<\/p>\n\n\n\n<figure class=\"wp-block-image size-full\"><img decoding=\"async\" width=\"900\" height=\"600\" src=\"https:\/\/fujiarte.com\/wp-content\/uploads\/2025\/10\/45c5e48927e106e5a662d14ec80651de.jpg\" alt=\"\" class=\"wp-image-1007445\" srcset=\"https:\/\/fujiarte.com\/wp-content\/uploads\/2025\/10\/45c5e48927e106e5a662d14ec80651de.jpg 900w, https:\/\/fujiarte.com\/wp-content\/uploads\/2025\/10\/45c5e48927e106e5a662d14ec80651de-300x200.jpg 300w, https:\/\/fujiarte.com\/wp-content\/uploads\/2025\/10\/45c5e48927e106e5a662d14ec80651de-768x512.jpg 768w, https:\/\/fujiarte.com\/wp-content\/uploads\/2025\/10\/45c5e48927e106e5a662d14ec80651de-600x400.jpg 600w\" sizes=\"(max-width: 900px) 100vw, 900px\" \/><\/figure>\n\n\n\n<p>vejo o artigo em japon\u00eas: <a href=\"https:\/\/fujiarte.co.jp\/topics\/post-7050\">https:\/\/fujiarte.co.jp\/topics\/post-7050<\/a><\/p>\n\n\n\n<p><\/p>\n","protected":false},"excerpt":{"rendered":"<p>Realizada em Osaka, a cerim\u00f4nia marcou a confirma\u00e7\u00e3o da nova gera\u00e7\u00e3o que ingressar\u00e1 na empresa em abril de 2026.<\/p>\n","protected":false},"author":406249,"featured_media":1007439,"comment_status":"closed","ping_status":"closed","sticky":false,"template":"","format":"standard","meta":{"_acf_changed":false,"footnotes":""},"categories":[1486],"tags":[],"nome":[],"class_list":["post-1007438","post","type-post","status-publish","format-standard","has-post-thumbnail","hentry","category-noticias"],"acf":[],"_links":{"self":[{"href":"https:\/\/fujiarte.com\/en\/wp-json\/wp\/v2\/posts\/1007438","targetHints":{"allow":["GET"]}}],"collection":[{"href":"https:\/\/fujiarte.com\/en\/wp-json\/wp\/v2\/posts"}],"about":[{"href":"https:\/\/fujiarte.com\/en\/wp-json\/wp\/v2\/types\/post"}],"author":[{"embeddable":true,"href":"https:\/\/fujiarte.com\/en\/wp-json\/wp\/v2\/users\/406249"}],"replies":[{"embeddable":true,"href":"https:\/\/fujiarte.com\/en\/wp-json\/wp\/v2\/comments?post=1007438"}],"version-history":[{"count":0,"href":"https:\/\/fujiarte.com\/en\/wp-json\/wp\/v2\/posts\/1007438\/revisions"}],"wp:featuredmedia":[{"embeddable":true,"href":"https:\/\/fujiarte.com\/en\/wp-json\/wp\/v2\/media\/1007439"}],"wp:attachment":[{"href":"https:\/\/fujiarte.com\/en\/wp-json\/wp\/v2\/media?parent=1007438"}],"wp:term":[{"taxonomy":"category","embeddable":true,"href":"https:\/\/fujiarte.com\/en\/wp-json\/wp\/v2\/categories?post=1007438"},{"taxonomy":"post_tag","embeddable":true,"href":"https:\/\/fujiarte.com\/en\/wp-json\/wp\/v2\/tags?post=1007438"},{"taxonomy":"nome","embeddable":true,"href":"https:\/\/fujiarte.com\/en\/wp-json\/wp\/v2\/nome?post=1007438"}],"curies":[{"name":"wp","href":"https:\/\/api.w.org\/{rel}","templated":true}]}}