{"id":1002834,"date":"2025-05-07T10:40:52","date_gmt":"2025-05-07T01:40:52","guid":{"rendered":"https:\/\/fujiarte.com\/?p=1002834"},"modified":"2026-02-13T13:55:05","modified_gmt":"2026-02-13T04:55:05","slug":"geovanna-tominaga-renova-seu-ciclo-como-embaixadora-da-fujiarte","status":"publish","type":"post","link":"https:\/\/fujiarte.com\/ja\/geovanna-tominaga-renova-seu-ciclo-como-embaixadora-da-fujiarte\/","title":{"rendered":"Geovanna Tominaga renova seu ciclo como embaixadora da Fujiarte"},"content":{"rendered":"\n<p>A <strong>Fujiarte Co., Ltd.<\/strong> tem o orgulho de anunciar a renova\u00e7\u00e3o do ciclo de parceria com <strong>Geovanna Tominaga<\/strong>, que seguir\u00e1 atuando como <strong>embaixadora oficial da marca<\/strong> para os brasileiros. Mais do que uma figura p\u00fablica, Geovanna representa um elo entre a hist\u00f3ria da <strong>imigra\u00e7\u00e3o japonesa<\/strong>, os <strong>valores da Fujiarte<\/strong> e a <strong>comunidade brasileira presente no Jap\u00e3o<\/strong>.<\/p>\n\n\n\n<p>Nascida no <strong>estado de S\u00e3o Paulo<\/strong>, Geovanna \u00e9 <strong>neta de imigrantes japoneses<\/strong> e cresceu em um ambiente que valorizava o respeito, a disciplina e a dedica\u00e7\u00e3o \u2014 virtudes que tamb\u00e9m fazem parte da <strong>cultura corporativa da Fujiarte<\/strong>. Sua carreira na televis\u00e3o come\u00e7ou ainda na inf\u00e2ncia, quando estreou como <strong>assistente de palco da apresentadora Ang\u00e9lica<\/strong> no programa <strong>Clube da Crian\u00e7a<\/strong>, exibido pela <strong>Rede Manchete<\/strong>. Posteriormente, continuou ao lado de <strong>Ang\u00e9lica<\/strong> tamb\u00e9m na <strong>TV Globo<\/strong>, participando de programas voltados ao p\u00fablico jovem.<\/p>\n\n\n\n<p>Ganhou proje\u00e7\u00e3o nacional como <strong>apresentadora da TV Globinho<\/strong> e <strong>rep\u00f3rter do V\u00eddeo Show<\/strong>, dois dos programas mais populares da emissora. Tamb\u00e9m teve destaque no <strong>Mais Voc\u00ea<\/strong>, ao lado de <strong>Ana Maria Braga<\/strong>, aproximando-se ainda mais do p\u00fablico com reportagens leves e emocionantes. Como atriz, participou de novelas como <strong>Malha\u00e7\u00e3o<\/strong> e <strong>Totalmente Demais<\/strong>, ampliando sua atua\u00e7\u00e3o no entretenimento. Em <strong>2018<\/strong>, consagrou-se <strong>vencedora do reality show Dancing Brasil<\/strong>, da <strong>Record TV<\/strong>, apresentado por <strong>Xuxa Meneghel<\/strong> \u2014 reafirmando seu talento, dedica\u00e7\u00e3o e versatilidade art\u00edstica.<\/p>\n\n\n\n<p>Recentemente, Geovanna foi convidada a participar do especial comemorativo do <strong>V\u00eddeo Show \u2013 60 anos da TV Globo<\/strong>. Sua presen\u00e7a no programa foi uma homenagem \u00e0 sua contribui\u00e7\u00e3o marcante ao longo dos anos, refor\u00e7ando sua forte conex\u00e3o com o p\u00fablico e com a pr\u00f3pria hist\u00f3ria da televis\u00e3o brasileira.<\/p>\n\n\n\n<p>Como <strong>embaixadora da Fujiarte<\/strong>, Geovanna tem sido uma <strong>ponte entre a empresa, seus funcion\u00e1rios e os clientes<\/strong>. Sua presen\u00e7a transmite acolhimento e confian\u00e7a, aproximando a marca da comunidade com empatia e representatividade. Em campanhas, eventos e a\u00e7\u00f5es institucionais, ela contribui para refor\u00e7ar a miss\u00e3o da empresa: <strong>conectar pessoas a oportunidades<\/strong> e <strong>promover o crescimento pessoal e profissional de brasileiros no Jap\u00e3o<\/strong>.<\/p>\n\n\n\n<p>Sua atua\u00e7\u00e3o fortalece o posicionamento da <strong>Fujiarte<\/strong> como uma marca que vai al\u00e9m do recrutamento. Com <strong>mais de seis d\u00e9cadas de hist\u00f3ria<\/strong>, a empresa atua n\u00e3o apenas apresentando talentos a grandes ind\u00fastrias, mas tamb\u00e9m <strong>apoiando fam\u00edlias brasileiras<\/strong>, <strong>promovendo a\u00e7\u00f5es culturais<\/strong>, <strong>incentivando o aprendizado da l\u00edngua japonesa<\/strong> e <strong>contribuindo para a realiza\u00e7\u00e3o de sonhos em solo estrangeiro<\/strong>.<\/p>\n\n\n\n<figure class=\"wp-block-image size-large is-resized\"><img decoding=\"async\" width=\"630\" height=\"630\" src=\"https:\/\/fujiarte.com\/wp-content\/uploads\/2025\/05\/1-2-630x630.jpg\" alt=\"\" class=\"wp-image-1003074\" style=\"width:1241px;height:auto\" srcset=\"https:\/\/fujiarte.com\/wp-content\/uploads\/2025\/05\/1-2-630x630.jpg 630w, https:\/\/fujiarte.com\/wp-content\/uploads\/2025\/05\/1-2-300x300.jpg 300w, https:\/\/fujiarte.com\/wp-content\/uploads\/2025\/05\/1-2-150x150.jpg 150w, https:\/\/fujiarte.com\/wp-content\/uploads\/2025\/05\/1-2-768x768.jpg 768w, https:\/\/fujiarte.com\/wp-content\/uploads\/2025\/05\/1-2-600x600.jpg 600w, https:\/\/fujiarte.com\/wp-content\/uploads\/2025\/05\/1-2-100x100.jpg 100w, https:\/\/fujiarte.com\/wp-content\/uploads\/2025\/05\/1-2.jpg 1080w\" sizes=\"(max-width: 630px) 100vw, 630px\" \/><\/figure>\n\n\n\n<p><\/p>\n\n\n\n<p>Geovanna tamb\u00e9m teve papel essencial no programa <strong>Fuji Experience<\/strong>, realizado em parceria com o <strong>Consulado-Geral do Brasil em T\u00f3quio<\/strong>. Na primeira edi\u00e7\u00e3o, deu as boas-vindas aos jovens participantes com uma <strong>mensagem inspiradora<\/strong>, compartilhando sua experi\u00eancia como <strong>descendente nipo-brasileira<\/strong> e incentivando-os a valorizarem suas origens. Sua participa\u00e7\u00e3o foi um dos momentos mais marcantes do projeto, ajudando a <strong>construir pontes entre culturas e gera\u00e7\u00f5es<\/strong>.<\/p>\n\n\n\n<p>A renova\u00e7\u00e3o do ciclo com <strong>Geovanna Tominaga<\/strong> reafirma o compromisso da <strong>Fujiarte<\/strong> com a <strong>diversidade<\/strong>, o <strong>respeito \u00e0s ra\u00edzes<\/strong> e o <strong>desenvolvimento humano<\/strong>.<br>\u201c<strong>Geovanna representa aquilo que a Fujiarte acredita<\/strong>: uni\u00e3o entre culturas, empatia e crescimento atrav\u00e9s do trabalho e da educa\u00e7\u00e3o. Estamos muito felizes em contar com ela mais uma vez\u201d, afirma <strong>Tamura, respons\u00e1vel de m\u00eddia global da empresa<\/strong>.<\/p>\n\n\n\n<p>Nos pr\u00f3ximos meses, <strong>Geovanna Tominaga<\/strong> continuar\u00e1 participando de <strong>campanhas<\/strong>, <strong>projetos sociais<\/strong> e <strong>atividades institucionais<\/strong>, fortalecendo ainda mais a conex\u00e3o entre a <strong>Fujiarte<\/strong> e a <strong>comunidade brasileira no Jap\u00e3o<\/strong>. Sua trajet\u00f3ria, constru\u00edda com respeito, autenticidade e prop\u00f3sito, segue alinhada \u00e0 filosofia da empresa \u2014 mostrando que \u00e9 poss\u00edvel <strong>inspirar, unir e transformar vidas com verdade e compromisso<\/strong>.<\/p>\n","protected":false},"excerpt":{"rendered":"<p>Artista segue mantendo os la\u00e7os entre a Fujiarte, seus colaboradores e a comunidade brasileira no Jap\u00e3o, promovendo integra\u00e7\u00e3o, identidade e representatividade.<\/p>\n","protected":false},"author":406249,"featured_media":1002849,"comment_status":"closed","ping_status":"closed","sticky":false,"template":"","format":"standard","meta":{"_acf_changed":false,"footnotes":""},"categories":[1577],"tags":[],"nome":[],"class_list":["post-1002834","post","type-post","status-publish","format-standard","has-post-thumbnail","hentry","category-1577"],"acf":[],"_links":{"self":[{"href":"https:\/\/fujiarte.com\/ja\/wp-json\/wp\/v2\/posts\/1002834","targetHints":{"allow":["GET"]}}],"collection":[{"href":"https:\/\/fujiarte.com\/ja\/wp-json\/wp\/v2\/posts"}],"about":[{"href":"https:\/\/fujiarte.com\/ja\/wp-json\/wp\/v2\/types\/post"}],"author":[{"embeddable":true,"href":"https:\/\/fujiarte.com\/ja\/wp-json\/wp\/v2\/users\/406249"}],"replies":[{"embeddable":true,"href":"https:\/\/fujiarte.com\/ja\/wp-json\/wp\/v2\/comments?post=1002834"}],"version-history":[{"count":0,"href":"https:\/\/fujiarte.com\/ja\/wp-json\/wp\/v2\/posts\/1002834\/revisions"}],"wp:featuredmedia":[{"embeddable":true,"href":"https:\/\/fujiarte.com\/ja\/wp-json\/wp\/v2\/media\/1002849"}],"wp:attachment":[{"href":"https:\/\/fujiarte.com\/ja\/wp-json\/wp\/v2\/media?parent=1002834"}],"wp:term":[{"taxonomy":"category","embeddable":true,"href":"https:\/\/fujiarte.com\/ja\/wp-json\/wp\/v2\/categories?post=1002834"},{"taxonomy":"post_tag","embeddable":true,"href":"https:\/\/fujiarte.com\/ja\/wp-json\/wp\/v2\/tags?post=1002834"},{"taxonomy":"nome","embeddable":true,"href":"https:\/\/fujiarte.com\/ja\/wp-json\/wp\/v2\/nome?post=1002834"}],"curies":[{"name":"wp","href":"https:\/\/api.w.org\/{rel}","templated":true}]}}