{"id":1003089,"date":"2025-05-09T13:20:05","date_gmt":"2025-05-09T04:20:05","guid":{"rendered":"https:\/\/fujiarte.com\/?p=1003089"},"modified":"2026-02-13T13:55:04","modified_gmt":"2026-02-13T04:55:04","slug":"fuji-group-realiza-o-kickoff-2025","status":"publish","type":"post","link":"https:\/\/fujiarte.com\/ja\/fuji-group-realiza-o-kickoff-2025\/","title":{"rendered":"Fuji Group realiza o Kickoff 2025"},"content":{"rendered":"\n<p>No dia <strong>19 de abril (s\u00e1bado)<\/strong>, o <strong>Fuji Group<\/strong> realizou o <strong>&#8220;Kickoff Anual para o ano fiscal de 2025&#8221;<\/strong>, reunindo um total de <strong>515 participantes<\/strong>, entre colaboradores de diversas unidades e \u00e1reas da organiza\u00e7\u00e3o. O evento foi realizado no formato <strong>h\u00edbrido<\/strong>, com transmiss\u00e3o online e parte presencial diretamente do <strong>Washington Hotel, em Osaka<\/strong>.<\/p>\n\n\n\n<figure class=\"wp-block-image size-large\"><img decoding=\"async\" width=\"945\" height=\"630\" src=\"https:\/\/fujiarte.com\/wp-content\/uploads\/2025\/05\/IMG_3940-scaled-1-945x630.jpg\" alt=\"\" class=\"wp-image-1003099\" srcset=\"https:\/\/fujiarte.com\/wp-content\/uploads\/2025\/05\/IMG_3940-scaled-1-945x630.jpg 945w, https:\/\/fujiarte.com\/wp-content\/uploads\/2025\/05\/IMG_3940-scaled-1-300x200.jpg 300w, https:\/\/fujiarte.com\/wp-content\/uploads\/2025\/05\/IMG_3940-scaled-1-768x512.jpg 768w, https:\/\/fujiarte.com\/wp-content\/uploads\/2025\/05\/IMG_3940-scaled-1-1536x1024.jpg 1536w, https:\/\/fujiarte.com\/wp-content\/uploads\/2025\/05\/IMG_3940-scaled-1-600x400.jpg 600w, https:\/\/fujiarte.com\/wp-content\/uploads\/2025\/05\/IMG_3940-scaled-1.jpg 1920w\" sizes=\"(max-width: 945px) 100vw, 945px\" \/><figcaption class=\"wp-element-caption\">Discurso do vencedor da reda\u00e7\u00e3o de filosofia<\/figcaption><\/figure>\n\n\n\n<p>O Kickoff \u00e9 promovido anualmente no m\u00eas de abril, marcando o in\u00edcio do novo per\u00edodo fiscal da empresa reunindo diretores de diversas regi\u00f5es do Jap\u00e3o e tamb\u00e9m do Brasil, o encontro destacou as metas do ano, a vis\u00e3o de gest\u00e3o do grupo e homenageou os funcion\u00e1rios que se destacaram.<\/p>\n\n\n\n<p>Com o tema <strong>\u201cElevar o cora\u00e7\u00e3o, expandir a gest\u00e3o\u201d<\/strong>, o encontro tem como prop\u00f3sito refor\u00e7ar os princ\u00edpios da filosofia corporativa, compartilhar a vis\u00e3o e as metas do ano, incentivar a gest\u00e3o participativa e reconhecer os esfor\u00e7os dos colaboradores.<\/p>\n\n\n\n<figure class=\"wp-block-image size-large\"><img decoding=\"async\" width=\"909\" height=\"630\" src=\"https:\/\/fujiarte.com\/wp-content\/uploads\/2025\/05\/IMG_4042-scaled-1-909x630.jpg\" alt=\"\" class=\"wp-image-1003093\" srcset=\"https:\/\/fujiarte.com\/wp-content\/uploads\/2025\/05\/IMG_4042-scaled-1-909x630.jpg 909w, https:\/\/fujiarte.com\/wp-content\/uploads\/2025\/05\/IMG_4042-scaled-1-300x208.jpg 300w, https:\/\/fujiarte.com\/wp-content\/uploads\/2025\/05\/IMG_4042-scaled-1-768x532.jpg 768w, https:\/\/fujiarte.com\/wp-content\/uploads\/2025\/05\/IMG_4042-scaled-1-1536x1065.jpg 1536w, https:\/\/fujiarte.com\/wp-content\/uploads\/2025\/05\/IMG_4042-scaled-1-600x416.jpg 600w, https:\/\/fujiarte.com\/wp-content\/uploads\/2025\/05\/IMG_4042-scaled-1.jpg 1920w\" sizes=\"(max-width: 909px) 100vw, 909px\" \/><figcaption class=\"wp-element-caption\">Apresenta\u00e7\u00e3o da vis\u00e3o de gest\u00e3o realizada pelo presidente e CEO, Hirao Takashi<\/figcaption><\/figure>\n\n\n\n<h3 class=\"wp-block-heading\">Programa\u00e7\u00e3o do Evento<\/h3>\n\n\n\n<p>A cerim\u00f4nia contou com a seguinte programa\u00e7\u00e3o:<\/p>\n\n\n\n<ul class=\"wp-block-list\">\n<li><strong>Cerim\u00f4nia de abertura<\/strong><\/li>\n\n\n\n<li><strong>F1 Grand Prix \u2013 Fujiarte Challenge No.1<\/strong> (fase final)<\/li>\n\n\n\n<li><strong>Apresenta\u00e7\u00e3o de reda\u00e7\u00f5es filos\u00f3ficas<\/strong><\/li>\n\n\n\n<li><strong>Vis\u00e3o de gest\u00e3o e diretrizes das principais unidades<\/strong><\/li>\n\n\n\n<li><strong>Diretrizes de cada empresa do grupo Fuji<\/strong><\/li>\n\n\n\n<li><strong>Entrega de pr\u00eamios aos colaboradores de destaque<\/strong><\/li>\n\n\n\n<li><strong>Cerim\u00f4nia comemorativa<\/strong><\/li>\n\n\n\n<li><strong>Encerramento oficial<\/strong><\/li>\n\n\n\n<li><strong>Foto em grupo<\/strong><\/li>\n\n\n\n<li><strong>Reuni\u00e3o de confraterniza\u00e7\u00e3o (Ketsuki Konpa)<\/strong><\/li>\n<\/ul>\n\n\n\n<figure class=\"wp-block-image size-large\"><img decoding=\"async\" width=\"945\" height=\"630\" src=\"https:\/\/fujiarte.com\/wp-content\/uploads\/2025\/05\/IMG_3895-scaled-1-945x630.jpg\" alt=\"\" class=\"wp-image-1003096\" srcset=\"https:\/\/fujiarte.com\/wp-content\/uploads\/2025\/05\/IMG_3895-scaled-1-945x630.jpg 945w, https:\/\/fujiarte.com\/wp-content\/uploads\/2025\/05\/IMG_3895-scaled-1-300x200.jpg 300w, https:\/\/fujiarte.com\/wp-content\/uploads\/2025\/05\/IMG_3895-scaled-1-768x512.jpg 768w, https:\/\/fujiarte.com\/wp-content\/uploads\/2025\/05\/IMG_3895-scaled-1-1536x1024.jpg 1536w, https:\/\/fujiarte.com\/wp-content\/uploads\/2025\/05\/IMG_3895-scaled-1-600x400.jpg 600w, https:\/\/fujiarte.com\/wp-content\/uploads\/2025\/05\/IMG_3895-scaled-1.jpg 1920w\" sizes=\"(max-width: 945px) 100vw, 945px\" \/><figcaption class=\"wp-element-caption\">Discursos dos ganhadores do F-1 GranPrix<\/figcaption><\/figure>\n\n\n\n<p>O <strong>Kickoff 2025<\/strong> reafirmou o compromisso do Fuji Group com o crescimento humano e organizacional, destacando a import\u00e2ncia do alinhamento entre equipes e da motiva\u00e7\u00e3o coletiva para alcan\u00e7ar os objetivos do novo ciclo.<\/p>\n\n\n\n<p>\ud83d\udd17 Fonte oficial: <a class=\"\" href=\"https:\/\/fujiarte.co.jp\/topics\/post-6329\">https:\/\/fujiarte.co.jp\/topics\/post-6329<\/a><\/p>\n\n\n\n<p><\/p>\n","protected":false},"excerpt":{"rendered":"<p>Cerim\u00f4nia interna que promove o in\u00edcio do novo ano fiscal foi realizada em Osaka e destaca metas, vis\u00e3o de gest\u00e3o e valoriza\u00e7\u00e3o dos colaboradores.<\/p>\n","protected":false},"author":406249,"featured_media":1003090,"comment_status":"closed","ping_status":"closed","sticky":false,"template":"","format":"standard","meta":{"_acf_changed":false,"footnotes":""},"categories":[1648,1932,1931],"tags":[1935,1692,1700,1649,1933,1934],"nome":[],"class_list":["post-1003089","post","type-post","status-publish","format-standard","has-post-thumbnail","hentry","category-1648","category-fujiarte","category-osaka","tag-1935","tag-1692","tag-1700","tag-1649","tag-kickoff","tag-kickoff-fujiarte"],"acf":[],"_links":{"self":[{"href":"https:\/\/fujiarte.com\/ja\/wp-json\/wp\/v2\/posts\/1003089","targetHints":{"allow":["GET"]}}],"collection":[{"href":"https:\/\/fujiarte.com\/ja\/wp-json\/wp\/v2\/posts"}],"about":[{"href":"https:\/\/fujiarte.com\/ja\/wp-json\/wp\/v2\/types\/post"}],"author":[{"embeddable":true,"href":"https:\/\/fujiarte.com\/ja\/wp-json\/wp\/v2\/users\/406249"}],"replies":[{"embeddable":true,"href":"https:\/\/fujiarte.com\/ja\/wp-json\/wp\/v2\/comments?post=1003089"}],"version-history":[{"count":0,"href":"https:\/\/fujiarte.com\/ja\/wp-json\/wp\/v2\/posts\/1003089\/revisions"}],"wp:featuredmedia":[{"embeddable":true,"href":"https:\/\/fujiarte.com\/ja\/wp-json\/wp\/v2\/media\/1003090"}],"wp:attachment":[{"href":"https:\/\/fujiarte.com\/ja\/wp-json\/wp\/v2\/media?parent=1003089"}],"wp:term":[{"taxonomy":"category","embeddable":true,"href":"https:\/\/fujiarte.com\/ja\/wp-json\/wp\/v2\/categories?post=1003089"},{"taxonomy":"post_tag","embeddable":true,"href":"https:\/\/fujiarte.com\/ja\/wp-json\/wp\/v2\/tags?post=1003089"},{"taxonomy":"nome","embeddable":true,"href":"https:\/\/fujiarte.com\/ja\/wp-json\/wp\/v2\/nome?post=1003089"}],"curies":[{"name":"wp","href":"https:\/\/api.w.org\/{rel}","templated":true}]}}