{"id":1010022,"date":"2026-01-20T17:35:30","date_gmt":"2026-01-20T08:35:30","guid":{"rendered":"https:\/\/fujiarte.com\/?p=1010022"},"modified":"2026-02-13T13:54:57","modified_gmt":"2026-02-13T04:54:57","slug":"colaborador-da-fujiarte-recebe-premiacao-do-ministro-da-saude-trabalho-e-bem-estar-do-japao","status":"publish","type":"post","link":"https:\/\/fujiarte.com\/ja\/colaborador-da-fujiarte-recebe-premiacao-do-ministro-da-saude-trabalho-e-bem-estar-do-japao\/","title":{"rendered":"Funcion\u00e1rio da Fujiarte recebe premia\u00e7\u00e3o do Ministro da Sa\u00fade, Trabalho e Bem-Estar do Jap\u00e3o"},"content":{"rendered":"\n<p>Um colaborador da Fujiarte foi selecionado para receber a <strong>&#8220;Premia\u00e7\u00e3o do Ministro da Sa\u00fade, Trabalho e Bem-Estar para Supervisores de Excel\u00eancia em Seguran\u00e7a \u2013 Ano Reiwa 7&#8221;<\/strong>, e participou da cerim\u00f4nia oficial realizada no dia <strong>16 de janeiro<\/strong>.<\/p>\n\n\n\n<p>Essa premia\u00e7\u00e3o \u00e9 concedida a supervisores que demonstram habilidades t\u00e9cnicas e experi\u00eancia excepcionais, atuando de forma exemplar na promo\u00e7\u00e3o da seguran\u00e7a nos locais e departamentos sob sua responsabilidade. O objetivo da iniciativa \u00e9 estimular atividades de seguran\u00e7a nos ambientes de trabalho e nas comunidades, tendo esses l\u00edderes como refer\u00eancia.<\/p>\n\n\n\n<p>A Fujiarte continuar\u00e1 empenhada em aprimorar tanto sua <strong>for\u00e7a em produ\u00e7\u00e3o<\/strong>, por meio de melhorias em seguran\u00e7a, qualidade e produtividade, quanto sua <strong>for\u00e7a em desenvolvimento humano<\/strong>, com a\u00e7\u00f5es voltadas ao recrutamento, reten\u00e7\u00e3o, capacita\u00e7\u00e3o e forma\u00e7\u00e3o de carreira, visando oferecer as melhores solu\u00e7\u00f5es para seus clientes.<\/p>\n\n\n\n<p>Mais detalhes aqui: <a href=\"https:\/\/fujiarte.co.jp\/topics\/post-7383\" target=\"_blank\" rel=\"noopener\" title=\"\">https:\/\/fujiarte.co.jp\/topics\/post-7383<\/a><\/p>\n\n\n\n<p><\/p>\n","protected":false},"excerpt":{"rendered":"<p>Um colaborador da Fujiarte foi selecionado para receber a &#8220;Premia\u00e7\u00e3o do Ministro da Sa\u00fade, Trabalho e Bem-Estar para Supervisores de Excel\u00eancia em Seguran\u00e7a \u2013 Ano Reiwa 7&#8221;, e participou da cerim\u00f4nia oficial realizada no dia 16 de janeiro. Essa premia\u00e7\u00e3o \u00e9 concedida a supervisores que demonstram habilidades t\u00e9cnicas e experi\u00eancia excepcionais, atuando de forma exemplar na promo\u00e7\u00e3o da seguran\u00e7a nos locais e departamentos sob sua responsabilidade. O objetivo da iniciativa \u00e9 estimular atividades de seguran\u00e7a nos ambientes de trabalho e nas comunidades, tendo esses l\u00edderes como refer\u00eancia. A Fujiarte continuar\u00e1 empenhada em aprimorar tanto sua for\u00e7a em produ\u00e7\u00e3o, por meio de melhorias em seguran\u00e7a, qualidade e produtividade, quanto sua for\u00e7a em desenvolvimento humano, com a\u00e7\u00f5es voltadas ao recrutamento, reten\u00e7\u00e3o, capacita\u00e7\u00e3o e forma\u00e7\u00e3o de carreira, visando oferecer as melhores solu\u00e7\u00f5es para seus clientes. Mais detalhes aqui: https:\/\/fujiarte.co.jp\/topics\/post-7383<\/p>\n","protected":false},"author":406249,"featured_media":1010023,"comment_status":"closed","ping_status":"closed","sticky":false,"template":"","format":"standard","meta":{"_acf_changed":false,"footnotes":""},"categories":[1486],"tags":[1449],"nome":[],"class_list":["post-1010022","post","type-post","status-publish","format-standard","has-post-thumbnail","hentry","category-noticias","tag-fujiarte"],"acf":[],"_links":{"self":[{"href":"https:\/\/fujiarte.com\/ja\/wp-json\/wp\/v2\/posts\/1010022","targetHints":{"allow":["GET"]}}],"collection":[{"href":"https:\/\/fujiarte.com\/ja\/wp-json\/wp\/v2\/posts"}],"about":[{"href":"https:\/\/fujiarte.com\/ja\/wp-json\/wp\/v2\/types\/post"}],"author":[{"embeddable":true,"href":"https:\/\/fujiarte.com\/ja\/wp-json\/wp\/v2\/users\/406249"}],"replies":[{"embeddable":true,"href":"https:\/\/fujiarte.com\/ja\/wp-json\/wp\/v2\/comments?post=1010022"}],"version-history":[{"count":0,"href":"https:\/\/fujiarte.com\/ja\/wp-json\/wp\/v2\/posts\/1010022\/revisions"}],"wp:featuredmedia":[{"embeddable":true,"href":"https:\/\/fujiarte.com\/ja\/wp-json\/wp\/v2\/media\/1010023"}],"wp:attachment":[{"href":"https:\/\/fujiarte.com\/ja\/wp-json\/wp\/v2\/media?parent=1010022"}],"wp:term":[{"taxonomy":"category","embeddable":true,"href":"https:\/\/fujiarte.com\/ja\/wp-json\/wp\/v2\/categories?post=1010022"},{"taxonomy":"post_tag","embeddable":true,"href":"https:\/\/fujiarte.com\/ja\/wp-json\/wp\/v2\/tags?post=1010022"},{"taxonomy":"nome","embeddable":true,"href":"https:\/\/fujiarte.com\/ja\/wp-json\/wp\/v2\/nome?post=1010022"}],"curies":[{"name":"wp","href":"https:\/\/api.w.org\/{rel}","templated":true}]}}