{"id":1011797,"date":"2026-03-16T10:19:34","date_gmt":"2026-03-16T01:19:34","guid":{"rendered":"https:\/\/fujiarte.com\/?p=1011797"},"modified":"2026-04-01T16:27:32","modified_gmt":"2026-04-01T07:27:32","slug":"fujiarte-e-destaque-na-revista-internacional-newsweek","status":"publish","type":"post","link":"https:\/\/fujiarte.com\/ja\/fujiarte-e-destaque-na-revista-internacional-newsweek\/","title":{"rendered":"Fujiarte \u00e9 destaque na revista internacional Newsweek"},"content":{"rendered":"\n<p>A Fujiarte foi recentemente destaque na edi\u00e7\u00e3o de <strong>23 de janeiro de 2026<\/strong> da revista americana <strong>Newsweek International Magazine<\/strong>, uma das publica\u00e7\u00f5es semanais mais reconhecidas do mundo. A revista \u00e9 distribu\u00edda em <strong>59 pa\u00edses e lida por cerca de 75 milh\u00f5es de pessoas<\/strong>, abordando temas relevantes relacionados \u00e0 pol\u00edtica, economia, cultura e neg\u00f3cios globais.<\/p>\n\n\n\n<figure class=\"wp-block-image size-large\"><img decoding=\"async\" width=\"945\" height=\"630\" src=\"https:\/\/fujiarte.com\/wp-content\/uploads\/2026\/03\/IMG_6365JPG-945x630.jpeg\" alt=\"\" class=\"wp-image-1011870\" srcset=\"https:\/\/fujiarte.com\/wp-content\/uploads\/2026\/03\/IMG_6365JPG-945x630.jpeg 945w, https:\/\/fujiarte.com\/wp-content\/uploads\/2026\/03\/IMG_6365JPG-300x200.jpeg 300w, https:\/\/fujiarte.com\/wp-content\/uploads\/2026\/03\/IMG_6365JPG-768x512.jpeg 768w, https:\/\/fujiarte.com\/wp-content\/uploads\/2026\/03\/IMG_6365JPG-1536x1024.jpeg 1536w, https:\/\/fujiarte.com\/wp-content\/uploads\/2026\/03\/IMG_6365JPG-600x400.jpeg 600w, https:\/\/fujiarte.com\/wp-content\/uploads\/2026\/03\/IMG_6365JPG.jpeg 1920w\" sizes=\"(max-width: 945px) 100vw, 945px\" \/><figcaption class=\"wp-element-caption\">#image_title<\/figcaption><\/figure>\n\n\n\n<p>Na reportagem, a Fujiarte \u00e9 apresentada como uma empresa que desempenha um papel importante no apoio \u00e0 ind\u00fastria japonesa por meio da conex\u00e3o entre empresas e talentos de diversas partes do mundo. Fundada em 1962, a companhia possui mais de seis d\u00e9cadas de experi\u00eancia no setor de recursos humanos e atualmente atua em todo o Jap\u00e3o com dezenas de unidades, apoiando empresas principalmente nos setores de manufatura, eletr\u00f4nicos e mobilidade.<\/p>\n\n\n\n<figure class=\"wp-block-image size-full\"><img decoding=\"async\" width=\"1200\" height=\"630\" src=\"https:\/\/fujiarte.com\/wp-content\/uploads\/2026\/03\/fujiartecom-artigos-site2.jpg\" alt=\"\" class=\"wp-image-1011805\" srcset=\"https:\/\/fujiarte.com\/wp-content\/uploads\/2026\/03\/fujiartecom-artigos-site2.jpg 1200w, https:\/\/fujiarte.com\/wp-content\/uploads\/2026\/03\/fujiartecom-artigos-site2-300x158.jpg 300w, https:\/\/fujiarte.com\/wp-content\/uploads\/2026\/03\/fujiartecom-artigos-site2-768x403.jpg 768w, https:\/\/fujiarte.com\/wp-content\/uploads\/2026\/03\/fujiartecom-artigos-site2-600x315.jpg 600w\" sizes=\"(max-width: 1200px) 100vw, 1200px\" \/><\/figure>\n\n\n\n<p><\/p>\n\n\n\n<p>A mat\u00e9ria destaca que o modelo de neg\u00f3cios da Fujiarte \u00e9 baseado em tr\u00eas pilares principais: <strong>aloca\u00e7\u00e3o de pessoal, terceiriza\u00e7\u00e3o de processos produtivos e recrutamento<\/strong>. Por meio desses servi\u00e7os, a empresa contribui para melhorar a produtividade nas linhas de produ\u00e7\u00e3o, otimizar processos e apoiar o crescimento de diversas ind\u00fastrias no Jap\u00e3o.<\/p>\n\n\n\n<p>Outro ponto abordado pela reportagem \u00e9 o papel da Fujiarte na <strong>contrata\u00e7\u00e3o e integra\u00e7\u00e3o de talentos globais<\/strong>. H\u00e1 mais de 30 anos, a empresa recruta profissionais estrangeiros, inicialmente com foco na comunidade nipo-brasileira e posteriormente expandindo para pa\u00edses como Vietn\u00e3, Filipinas e Myanmar. Ao longo desse per\u00edodo, a Fujiarte j\u00e1 apoiou a contrata\u00e7\u00e3o de <strong>mais de 100 mil trabalhadores internacionais<\/strong>, oferecendo suporte completo que inclui moradia, tradu\u00e7\u00e3o, procedimentos administrativos e adapta\u00e7\u00e3o \u00e0 vida no Jap\u00e3o.<\/p>\n\n\n\n<p>A publica\u00e7\u00e3o tamb\u00e9m destaca os investimentos da empresa em <strong>educa\u00e7\u00e3o e treinamento profissional<\/strong>, por meio de programas estruturados que desenvolvem habilidades t\u00e9cnicas e de lideran\u00e7a para atuar em \u00e1reas como eletr\u00f4nicos, automotiva e semicondutores. Al\u00e9m disso, a Fujiarte tem expandido sua atua\u00e7\u00e3o para \u00e1reas tecnol\u00f3gicas, como engenharia de semicondutores e intelig\u00eancia artificial, refor\u00e7ando sua contribui\u00e7\u00e3o para o futuro da ind\u00fastria japonesa.<\/p>\n\n\n\n<figure class=\"wp-block-gallery has-nested-images columns-default is-cropped wp-block-gallery-1 is-layout-flex wp-block-gallery-is-layout-flex\">\n<figure class=\"wp-block-image size-large\"><img decoding=\"async\" width=\"1200\" height=\"630\" data-id=\"1011806\" src=\"https:\/\/fujiarte.com\/wp-content\/uploads\/2026\/03\/newsweek-fujiarte.jpg\" alt=\"\" class=\"wp-image-1011806\" srcset=\"https:\/\/fujiarte.com\/wp-content\/uploads\/2026\/03\/newsweek-fujiarte.jpg 1200w, https:\/\/fujiarte.com\/wp-content\/uploads\/2026\/03\/newsweek-fujiarte-300x158.jpg 300w, https:\/\/fujiarte.com\/wp-content\/uploads\/2026\/03\/newsweek-fujiarte-768x403.jpg 768w, https:\/\/fujiarte.com\/wp-content\/uploads\/2026\/03\/newsweek-fujiarte-600x315.jpg 600w\" sizes=\"(max-width: 1200px) 100vw, 1200px\" \/><\/figure>\n<\/figure>\n\n\n\n<p><\/p>\n\n\n\n<p>Segundo o presidente e CEO <strong>Takashi Hirao<\/strong>, o objetivo da empresa \u00e9 criar um ambiente onde pessoas de diferentes pa\u00edses possam trabalhar juntas, desenvolver suas carreiras e contribuir para a sociedade. A vis\u00e3o de longo prazo da Fujiarte inclui continuar expandindo oportunidades para talentos globais e fortalecer sua presen\u00e7a em \u00e1reas estrat\u00e9gicas da ind\u00fastria.<\/p>\n\n\n\n<p>A presen\u00e7a da Fujiarte na Newsweek representa um reconhecimento internacional de sua trajet\u00f3ria e de seu papel na conex\u00e3o entre talentos globais e o mercado de trabalho japon\u00eas. A empresa segue comprometida em apoiar o desenvolvimento de pessoas, fortalecer a ind\u00fastria e contribuir para a constru\u00e7\u00e3o de uma sociedade mais diversa e integrada.<\/p>\n\n\n\n<p><a href=\"https:\/\/www.theworldfolio.com\/interviews\/fujiarte-co-ltd-tackles-japans-labor-shortage-with-global-talent-and-smarter-manufacturing\/7321\/\" title=\"\">Veja a mat\u00e9ria no site oficial<\/a><\/p>\n\n\n\n<figure class=\"wp-block-embed is-type-video is-provider-youtube wp-block-embed-youtube wp-embed-aspect-9-16 wp-has-aspect-ratio\"><div class=\"wp-block-embed__wrapper\">\n<iframe loading=\"lazy\" title=\"2026\u5e743\u670818\u65e5\" width=\"563\" height=\"1000\" src=\"https:\/\/www.youtube.com\/embed\/6cc83I_uSUQ?feature=oembed\" frameborder=\"0\" allow=\"accelerometer; autoplay; clipboard-write; encrypted-media; gyroscope; picture-in-picture; web-share\" referrerpolicy=\"strict-origin-when-cross-origin\" allowfullscreen><\/iframe>\n<\/div><\/figure>\n","protected":false},"excerpt":{"rendered":"<p>A famosa revista internacional Newsweek destacou a Fujiarte por sua atua\u00e7\u00e3o na conex\u00e3o entre empresas e talentos de diferentes partes do mundo no Jap\u00e3o.<\/p>\n","protected":false},"author":406249,"featured_media":1011872,"comment_status":"closed","ping_status":"closed","sticky":false,"template":"","format":"standard","meta":{"_acf_changed":false,"footnotes":""},"categories":[1485,1486],"tags":[1454,1449,2007],"nome":[],"class_list":["post-1011797","post","type-post","status-publish","format-standard","has-post-thumbnail","hentry","category-especial","category-noticias","tag-evento","tag-fujiarte","tag-newsweek"],"acf":[],"_links":{"self":[{"href":"https:\/\/fujiarte.com\/ja\/wp-json\/wp\/v2\/posts\/1011797","targetHints":{"allow":["GET"]}}],"collection":[{"href":"https:\/\/fujiarte.com\/ja\/wp-json\/wp\/v2\/posts"}],"about":[{"href":"https:\/\/fujiarte.com\/ja\/wp-json\/wp\/v2\/types\/post"}],"author":[{"embeddable":true,"href":"https:\/\/fujiarte.com\/ja\/wp-json\/wp\/v2\/users\/406249"}],"replies":[{"embeddable":true,"href":"https:\/\/fujiarte.com\/ja\/wp-json\/wp\/v2\/comments?post=1011797"}],"version-history":[{"count":1,"href":"https:\/\/fujiarte.com\/ja\/wp-json\/wp\/v2\/posts\/1011797\/revisions"}],"predecessor-version":[{"id":1014785,"href":"https:\/\/fujiarte.com\/ja\/wp-json\/wp\/v2\/posts\/1011797\/revisions\/1014785"}],"wp:featuredmedia":[{"embeddable":true,"href":"https:\/\/fujiarte.com\/ja\/wp-json\/wp\/v2\/media\/1011872"}],"wp:attachment":[{"href":"https:\/\/fujiarte.com\/ja\/wp-json\/wp\/v2\/media?parent=1011797"}],"wp:term":[{"taxonomy":"category","embeddable":true,"href":"https:\/\/fujiarte.com\/ja\/wp-json\/wp\/v2\/categories?post=1011797"},{"taxonomy":"post_tag","embeddable":true,"href":"https:\/\/fujiarte.com\/ja\/wp-json\/wp\/v2\/tags?post=1011797"},{"taxonomy":"nome","embeddable":true,"href":"https:\/\/fujiarte.com\/ja\/wp-json\/wp\/v2\/nome?post=1011797"}],"curies":[{"name":"wp","href":"https:\/\/api.w.org\/{rel}","templated":true}]}}